{"id":1804,"global_id":"landapothekerin.de?id=1804","global_id_lineage":["landapothekerin.de?id=1804"],"author":"1","status":"publish","date":"2026-02-17 17:31:11","date_utc":"2026-02-17 16:31:11","modified":"2026-02-17 17:31:11","modified_utc":"2026-02-17 16:31:11","url":"https:\/\/landapothekerin.de\/?tribe_events=fruehlingswerkstatt-kreatives-aus-natur-und-kueche-2","rest_url":"https:\/\/landapothekerin.de\/index.php?rest_route=\/tribe\/events\/v1\/events\/1804","title":"Fr\u00fchlingswerkstatt &#8211; Kreatives aus Natur und K\u00fcche","description":"<p>Wir begr\u00fc\u00dfen den Lenz mit 2 verschiedenen Dekorationen f\u00fcrs eigene Zuhause oder zum Verschenken unter Verwendung<br \/>\nvon Holz, Glas und Blumen.<\/p>\n<p>Des weiteren zaubern wir einen fr\u00fchlingshaften Raum\/Parf\u00fcmspray und bringen auch die Sonne ins<br \/>\nFr\u00fchst\u00fccksglas. Ein leckeres Fr\u00fchlingsmen\u00fc rundet die Veranstaltung ab.<\/p>\n<p><strong><br \/>\nTeilnehmerzahl:<\/strong> 6-12<\/p>\n<p><strong>Anmeldefrist:<\/strong> bis 5 Tage vor der Veranstaltung (also bis 16.03.2026), Bezahlung vor Ort<\/p>\n<p><a href=\"https:\/\/landapothekerin.de\/?page_id=309\">Zur Anmeldung<\/a><\/p>","excerpt":"","slug":"fruehlingswerkstatt-kreatives-aus-natur-und-kueche-2","image":{"url":"https:\/\/landapothekerin.de\/wp-content\/uploads\/2025\/02\/Fruehling.png","id":1730,"extension":"png","width":275,"height":183,"filesize":93506,"sizes":{"thumbnail":{"width":150,"height":150,"mime-type":"image\/png","filesize":46375,"url":"https:\/\/landapothekerin.de\/wp-content\/uploads\/2025\/02\/Fruehling-150x150.png"}}},"all_day":false,"start_date":"2026-03-21 15:00:00","start_date_details":{"year":"2026","month":"03","day":"21","hour":"15","minutes":"00","seconds":"00"},"end_date":"2026-03-21 18:00:00","end_date_details":{"year":"2026","month":"03","day":"21","hour":"18","minutes":"00","seconds":"00"},"utc_start_date":"2026-03-21 14:00:00","utc_start_date_details":{"year":"2026","month":"03","day":"21","hour":"14","minutes":"00","seconds":"00"},"utc_end_date":"2026-03-21 17:00:00","utc_end_date_details":{"year":"2026","month":"03","day":"21","hour":"17","minutes":"00","seconds":"00"},"timezone":"Europe\/Berlin","timezone_abbr":"CET","cost":"39\u20ac","cost_details":{"currency_symbol":"","currency_code":"","currency_position":"suffix","values":["39"]},"website":"","show_map":true,"show_map_link":true,"hide_from_listings":false,"sticky":false,"featured":false,"categories":[{"name":"Alle","slug":"alle","term_group":0,"term_taxonomy_id":23,"taxonomy":"tribe_events_cat","description":"","parent":0,"count":267,"filter":"raw","id":23,"urls":{"self":"https:\/\/landapothekerin.de\/index.php?rest_route=\/tribe\/events\/v1\/categories\/23","collection":"https:\/\/landapothekerin.de\/index.php?rest_route=\/tribe\/events\/v1\/categories"}},{"name":"Angebote f\u00fcr Jedermann","slug":"angebote-fuer-jedermann","term_group":0,"term_taxonomy_id":25,"taxonomy":"tribe_events_cat","description":"","parent":0,"count":283,"filter":"raw","id":25,"urls":{"self":"https:\/\/landapothekerin.de\/index.php?rest_route=\/tribe\/events\/v1\/categories\/25","collection":"https:\/\/landapothekerin.de\/index.php?rest_route=\/tribe\/events\/v1\/categories"}},{"name":"Gesundheitsangebote","slug":"gesundheitsangebote","term_group":0,"term_taxonomy_id":30,"taxonomy":"tribe_events_cat","description":"","parent":25,"count":254,"filter":"raw","id":30,"urls":{"self":"https:\/\/landapothekerin.de\/index.php?rest_route=\/tribe\/events\/v1\/categories\/30","collection":"https:\/\/landapothekerin.de\/index.php?rest_route=\/tribe\/events\/v1\/categories","up":"https:\/\/landapothekerin.de\/index.php?rest_route=\/tribe\/events\/v1\/categories\/25"}},{"name":"Infoseminare","slug":"infoseminare","term_group":0,"term_taxonomy_id":26,"taxonomy":"tribe_events_cat","description":"","parent":25,"count":236,"filter":"raw","id":26,"urls":{"self":"https:\/\/landapothekerin.de\/index.php?rest_route=\/tribe\/events\/v1\/categories\/26","collection":"https:\/\/landapothekerin.de\/index.php?rest_route=\/tribe\/events\/v1\/categories","up":"https:\/\/landapothekerin.de\/index.php?rest_route=\/tribe\/events\/v1\/categories\/25"}},{"name":"Kreatives in der Medizin","slug":"kreatives-in-der-medizin","term_group":0,"term_taxonomy_id":32,"taxonomy":"tribe_events_cat","description":"","parent":25,"count":209,"filter":"raw","id":32,"urls":{"self":"https:\/\/landapothekerin.de\/index.php?rest_route=\/tribe\/events\/v1\/categories\/32","collection":"https:\/\/landapothekerin.de\/index.php?rest_route=\/tribe\/events\/v1\/categories","up":"https:\/\/landapothekerin.de\/index.php?rest_route=\/tribe\/events\/v1\/categories\/25"}},{"name":"Kurse und Workshops","slug":"kurse-und-workshops","term_group":0,"term_taxonomy_id":35,"taxonomy":"tribe_events_cat","description":"","parent":25,"count":243,"filter":"raw","id":35,"urls":{"self":"https:\/\/landapothekerin.de\/index.php?rest_route=\/tribe\/events\/v1\/categories\/35","collection":"https:\/\/landapothekerin.de\/index.php?rest_route=\/tribe\/events\/v1\/categories","up":"https:\/\/landapothekerin.de\/index.php?rest_route=\/tribe\/events\/v1\/categories\/25"}},{"name":"Treffs","slug":"treffs","term_group":0,"term_taxonomy_id":27,"taxonomy":"tribe_events_cat","description":"","parent":25,"count":257,"filter":"raw","id":27,"urls":{"self":"https:\/\/landapothekerin.de\/index.php?rest_route=\/tribe\/events\/v1\/categories\/27","collection":"https:\/\/landapothekerin.de\/index.php?rest_route=\/tribe\/events\/v1\/categories","up":"https:\/\/landapothekerin.de\/index.php?rest_route=\/tribe\/events\/v1\/categories\/25"}},{"name":"Veranstaltungen f\u00fcr Gruppen","slug":"veranstaltungen-fuer-gruppen","term_group":0,"term_taxonomy_id":36,"taxonomy":"tribe_events_cat","description":"","parent":0,"count":161,"filter":"raw","id":36,"urls":{"self":"https:\/\/landapothekerin.de\/index.php?rest_route=\/tribe\/events\/v1\/categories\/36","collection":"https:\/\/landapothekerin.de\/index.php?rest_route=\/tribe\/events\/v1\/categories"}}],"tags":[],"venue":[],"organizer":[],"custom_fields":[],"json_ld":{"@context":"http:\/\/schema.org","@type":"Event","name":"Fr\u00fchlingswerkstatt &#8211; Kreatives aus Natur und K\u00fcche","description":"&lt;p&gt;Wir begr\u00fc\u00dfen den Lenz mit 2 verschiedenen Dekorationen f\u00fcrs eigene Zuhause oder zum Verschenken unter Verwendung von Holz, Glas und Blumen. Des weiteren zaubern wir einen fr\u00fchlingshaften Raum\/Parf\u00fcmspray und bringen auch die Sonne ins Fr\u00fchst\u00fccksglas. Ein leckeres Fr\u00fchlingsmen\u00fc rundet die...&lt;\/p&gt;\\n","image":"https:\/\/landapothekerin.de\/wp-content\/uploads\/2025\/02\/Fruehling.png","url":"https:\/\/landapothekerin.de\/?tribe_events=fruehlingswerkstatt-kreatives-aus-natur-und-kueche-2","eventAttendanceMode":"https:\/\/schema.org\/OfflineEventAttendanceMode","eventStatus":"https:\/\/schema.org\/EventScheduled","startDate":"2026-03-21T15:00:00+01:00","endDate":"2026-03-21T18:00:00+01:00","offers":{"@type":"Offer","price":"39","priceCurrency":"USD","url":"https:\/\/landapothekerin.de\/?tribe_events=fruehlingswerkstatt-kreatives-aus-natur-und-kueche-2","category":"primary","availability":"inStock","validFrom":"1970-01-01T00:00:00+00:00"},"performer":"Organization"}}