{"id":812,"global_id":"landapothekerin.de?id=812","global_id_lineage":["landapothekerin.de?id=812"],"author":"1","status":"publish","date":"2020-05-19 20:41:24","date_utc":"2020-05-19 18:41:24","modified":"2020-05-20 11:30:17","modified_utc":"2020-05-20 09:30:17","url":"https:\/\/landapothekerin.de\/?tribe_events=die-farben-des-sommers","rest_url":"https:\/\/landapothekerin.de\/index.php?rest_route=\/tribe\/events\/v1\/events\/812","title":"Die Farben des Sommers","description":"<p><strong>Mit dabei:<\/strong> die Torgauer K\u00fcnstlerin Kristin Milich (Homepage: <a href=\"https:\/\/kristinmilichartworks.wordpress.com\/\">kristinmilichartworks.wordpress.com<\/a>) zaubert mit Ihnen den Sommer auf die Leinwand.<\/p>\n<p>Die W\u00e4rme und Strahlkraft des Sommers geben der Seele viel positive Energie und Schwung. Die leuchtenden Farben und das glei\u00dfende Licht stimmen uns zuversichtlich, die Wichtigen<br \/>\nHerausforderungen im Leben annehmen und bestehen zu k\u00f6nnen. Genau diese Stimmung halten wir auf der Leinwand fest und feiern damit die Farben des Sommers.<\/p>\n<p>Nach einem<span class=\"Apple-converted-space\">&nbsp; <\/span>Gute-Laune-Cocktail zur Begr\u00fc\u00dfung starten wir in einen erlebnisreichen Tag. Wunderbare Eindr\u00fccke f\u00fcr unsere sch\u00f6pferische Malkunst sammeln wir in der Natur bei<br \/>\neinem Waldspaziergang. Frau Milich wird Ihre Phantasie mit ausgew\u00e4hlten Texten anregen. Auf unserer kleinen Exkursion werden Sie auch den Duft und Geschmack der Kr\u00e4uter ein wenig<br \/>\nkennenlernen. Unter fachkundiger Anleitung durch die Landapothekerin d\u00fcrfen Sie an der Apotheke des Waldes schnuppern und von ihr kosten.<\/p>\n<p>Im Anschluss finden Sie die M\u00f6glichkeiten, Ihre Impressionen auf der Leinwand k\u00fcnstlerisch auszudr\u00fccken.&nbsp; Frau Milich wird Sie bei Ihrem Schaffensprozess begleiten und Ihnen interessante Einblicke in die Welt der Kunst bieten.<\/p>\n<p>F\u00fcr Entspannung und k\u00f6rperliche Gl\u00fccksmomente ist an diesem Tag nat\u00fcrlich auch gesorgt. Bei einem leckeren Mittagsmen\u00fc mit dem Kick Kreativit\u00e4t werden Ihre inneren Mal-Geister zu neuen, energiegeladenen Taten geweckt.<\/p>\n<p>Ihr eigenes Kunstwerk werden Sie mit nach Hause nehmen und sich daran erfreuen, wie viel positive Schaffenskraft in Ihnen steckt. Dieser Tag wird Ihnen lange in Erinnerung bleiben,<br \/>\ndenn er strahlt in den Farben des Sommers!<\/p>\n<p>Incl. Getr\u00e4nke, Snacks und Mittagessen; Malutensilien<\/p>\n<p><strong>Empfohlen:<\/strong> bequeme Kleidung f\u00fcr drinnen und drau\u00dfen, Malkittel o.\u00e4.<\/p>\n<p><strong>Teilnehmerzahl:<\/strong> 4-7, geeignet ab 18 Jahren<\/p>\n<p><strong>Anmeldefrist:<\/strong> bis 30.06.2020; Bezahlung erfolgt bar vor Ort (gegen Rechnung)<\/p>\n<p><a href=\"https:\/\/landapothekerin.de\/?page_id=309\">Zur Anmeldung<\/a><\/p>","excerpt":"","slug":"die-farben-des-sommers","image":{"url":"https:\/\/landapothekerin.de\/wp-content\/uploads\/2020\/05\/IMG-20200503-WA0003-e1589914098946.jpg","id":815,"extension":"jpg","width":498,"height":503,"sizes":{"medium":{"width":297,"height":300,"mime-type":"image\/jpeg","url":"https:\/\/landapothekerin.de\/wp-content\/uploads\/2020\/05\/IMG-20200503-WA0003-297x300.jpg"},"large":{"width":1014,"height":1024,"mime-type":"image\/jpeg","url":"https:\/\/landapothekerin.de\/wp-content\/uploads\/2020\/05\/IMG-20200503-WA0003-1014x1024.jpg"},"thumbnail":{"width":150,"height":150,"mime-type":"image\/jpeg","url":"https:\/\/landapothekerin.de\/wp-content\/uploads\/2020\/05\/IMG-20200503-WA0003-150x150.jpg"},"medium_large":{"width":768,"height":776,"mime-type":"image\/jpeg","url":"https:\/\/landapothekerin.de\/wp-content\/uploads\/2020\/05\/IMG-20200503-WA0003-768x776.jpg"},"gucherry-blog-thumbnail-one":{"width":800,"height":450,"mime-type":"image\/jpeg","url":"https:\/\/landapothekerin.de\/wp-content\/uploads\/2020\/05\/IMG-20200503-WA0003-800x450.jpg"},"gucherry-blog-thumbnail-two":{"width":300,"height":300,"mime-type":"image\/jpeg","url":"https:\/\/landapothekerin.de\/wp-content\/uploads\/2020\/05\/IMG-20200503-WA0003-300x300.jpg"}}},"all_day":false,"start_date":"2020-07-12 10:00:00","start_date_details":{"year":"2020","month":"07","day":"12","hour":"10","minutes":"00","seconds":"00"},"end_date":"2020-07-12 16:00:00","end_date_details":{"year":"2020","month":"07","day":"12","hour":"16","minutes":"00","seconds":"00"},"utc_start_date":"2020-07-12 08:00:00","utc_start_date_details":{"year":"2020","month":"07","day":"12","hour":"08","minutes":"00","seconds":"00"},"utc_end_date":"2020-07-12 14:00:00","utc_end_date_details":{"year":"2020","month":"07","day":"12","hour":"14","minutes":"00","seconds":"00"},"timezone":"Europe\/Berlin","timezone_abbr":"CEST","cost":"59\u20ac","cost_details":{"currency_symbol":"","currency_code":"","currency_position":"suffix","values":["59"]},"website":"","show_map":true,"show_map_link":true,"hide_from_listings":false,"sticky":false,"featured":false,"categories":[{"name":"Alle","slug":"alle","term_group":0,"term_taxonomy_id":23,"taxonomy":"tribe_events_cat","description":"","parent":0,"count":267,"filter":"raw","id":23,"urls":{"self":"https:\/\/landapothekerin.de\/index.php?rest_route=\/tribe\/events\/v1\/categories\/23","collection":"https:\/\/landapothekerin.de\/index.php?rest_route=\/tribe\/events\/v1\/categories"}},{"name":"Angebote f\u00fcr Jedermann","slug":"angebote-fuer-jedermann","term_group":0,"term_taxonomy_id":25,"taxonomy":"tribe_events_cat","description":"","parent":0,"count":283,"filter":"raw","id":25,"urls":{"self":"https:\/\/landapothekerin.de\/index.php?rest_route=\/tribe\/events\/v1\/categories\/25","collection":"https:\/\/landapothekerin.de\/index.php?rest_route=\/tribe\/events\/v1\/categories"}},{"name":"Kreatives in der Medizin","slug":"kreatives-in-der-medizin","term_group":0,"term_taxonomy_id":32,"taxonomy":"tribe_events_cat","description":"","parent":25,"count":209,"filter":"raw","id":32,"urls":{"self":"https:\/\/landapothekerin.de\/index.php?rest_route=\/tribe\/events\/v1\/categories\/32","collection":"https:\/\/landapothekerin.de\/index.php?rest_route=\/tribe\/events\/v1\/categories","up":"https:\/\/landapothekerin.de\/index.php?rest_route=\/tribe\/events\/v1\/categories\/25"}},{"name":"Kurse und Workshops","slug":"kurse-und-workshops","term_group":0,"term_taxonomy_id":35,"taxonomy":"tribe_events_cat","description":"","parent":25,"count":243,"filter":"raw","id":35,"urls":{"self":"https:\/\/landapothekerin.de\/index.php?rest_route=\/tribe\/events\/v1\/categories\/35","collection":"https:\/\/landapothekerin.de\/index.php?rest_route=\/tribe\/events\/v1\/categories","up":"https:\/\/landapothekerin.de\/index.php?rest_route=\/tribe\/events\/v1\/categories\/25"}},{"name":"Treffs","slug":"treffs","term_group":0,"term_taxonomy_id":27,"taxonomy":"tribe_events_cat","description":"","parent":25,"count":257,"filter":"raw","id":27,"urls":{"self":"https:\/\/landapothekerin.de\/index.php?rest_route=\/tribe\/events\/v1\/categories\/27","collection":"https:\/\/landapothekerin.de\/index.php?rest_route=\/tribe\/events\/v1\/categories","up":"https:\/\/landapothekerin.de\/index.php?rest_route=\/tribe\/events\/v1\/categories\/25"}}],"tags":[],"venue":[],"organizer":[],"custom_fields":[],"json_ld":{"@context":"http:\/\/schema.org","@type":"Event","name":"Die Farben des Sommers","description":"&lt;p&gt;Mit dabei: die Torgauer K\u00fcnstlerin Kristin Milich (Homepage: kristinmilichartworks.wordpress.com) zaubert mit Ihnen den Sommer auf die Leinwand. Die W\u00e4rme und Strahlkraft des Sommers geben der Seele viel positive Energie und Schwung. Die leuchtenden Farben und das glei\u00dfende Licht stimmen uns...&lt;\/p&gt;\\n","image":"https:\/\/landapothekerin.de\/wp-content\/uploads\/2020\/05\/IMG-20200503-WA0003-e1589914098946.jpg","url":"https:\/\/landapothekerin.de\/?tribe_events=die-farben-des-sommers","eventAttendanceMode":"https:\/\/schema.org\/OfflineEventAttendanceMode","eventStatus":"https:\/\/schema.org\/EventScheduled","startDate":"2020-07-12T10:00:00+02:00","endDate":"2020-07-12T16:00:00+02:00","offers":{"@type":"Offer","price":"59","priceCurrency":"USD","url":"https:\/\/landapothekerin.de\/?tribe_events=die-farben-des-sommers","category":"primary","availability":"inStock","validFrom":"1970-01-01T00:00:00+00:00"},"performer":"Organization"}}