{"id":904,"global_id":"landapothekerin.de?id=904","global_id_lineage":["landapothekerin.de?id=904"],"author":"1","status":"publish","date":"2020-05-21 14:58:18","date_utc":"2020-05-21 12:58:18","modified":"2020-05-21 14:58:18","modified_utc":"2020-05-21 12:58:18","url":"https:\/\/landapothekerin.de\/?tribe_events=mein-schlank-tag","rest_url":"https:\/\/landapothekerin.de\/index.php?rest_route=\/tribe\/events\/v1\/events\/904","title":"Mein Schlank-Tag","description":"<p>Sie wollten schon lange einmal einen Schlank-Tag einlegen, andere Verpflichtungen oder keine Lust alleine haben Sie bisher davon abgehalten?<\/p>\n<p><strong>Dann ist das Ihr Tag!<\/strong><\/p>\n<p>In illustrer Runde k\u00f6cheln und schlemmen wir uns durch die gesunde Schlankk\u00fcche.<\/p>\n<p>Spa\u00df und Abnehmen inclusive!<\/p>\n<p>&nbsp;<\/p>\n<p><strong>Teilnehmerzahl:<\/strong> 5-12<\/p>\n<p><strong>Anmeldefrist:<\/strong> bis 3 Tage vor dem Termin (also bis 25.09.20), Bezahlung vor Ort<\/p>\n<p><a href=\"https:\/\/landapothekerin.de\/?page_id=309\">Zur Anmeldung<\/a><\/p>","excerpt":"","slug":"mein-schlank-tag","image":{"url":"https:\/\/landapothekerin.de\/wp-content\/uploads\/2020\/05\/moon-3832151__340.jpg","id":905,"extension":"jpg","width":510,"height":340,"sizes":{"medium":{"width":300,"height":200,"mime-type":"image\/jpeg","url":"https:\/\/landapothekerin.de\/wp-content\/uploads\/2020\/05\/moon-3832151__340-300x200.jpg"},"thumbnail":{"width":150,"height":150,"mime-type":"image\/jpeg","url":"https:\/\/landapothekerin.de\/wp-content\/uploads\/2020\/05\/moon-3832151__340-150x150.jpg"},"gucherry-blog-thumbnail-two":{"width":300,"height":300,"mime-type":"image\/jpeg","url":"https:\/\/landapothekerin.de\/wp-content\/uploads\/2020\/05\/moon-3832151__340-300x300.jpg"}}},"all_day":false,"start_date":"2020-09-28 08:00:00","start_date_details":{"year":"2020","month":"09","day":"28","hour":"08","minutes":"00","seconds":"00"},"end_date":"2020-09-28 17:00:00","end_date_details":{"year":"2020","month":"09","day":"28","hour":"17","minutes":"00","seconds":"00"},"utc_start_date":"2020-09-28 06:00:00","utc_start_date_details":{"year":"2020","month":"09","day":"28","hour":"06","minutes":"00","seconds":"00"},"utc_end_date":"2020-09-28 15:00:00","utc_end_date_details":{"year":"2020","month":"09","day":"28","hour":"15","minutes":"00","seconds":"00"},"timezone":"Europe\/Berlin","timezone_abbr":"CEST","cost":"59\u20ac","cost_details":{"currency_symbol":"","currency_code":"","currency_position":"suffix","values":["59"]},"website":"","show_map":true,"show_map_link":true,"hide_from_listings":false,"sticky":false,"featured":false,"categories":[{"name":"Alle","slug":"alle","term_group":0,"term_taxonomy_id":23,"taxonomy":"tribe_events_cat","description":"","parent":0,"count":267,"filter":"raw","id":23,"urls":{"self":"https:\/\/landapothekerin.de\/index.php?rest_route=\/tribe\/events\/v1\/categories\/23","collection":"https:\/\/landapothekerin.de\/index.php?rest_route=\/tribe\/events\/v1\/categories"}},{"name":"Angebote f\u00fcr Jedermann","slug":"angebote-fuer-jedermann","term_group":0,"term_taxonomy_id":25,"taxonomy":"tribe_events_cat","description":"","parent":0,"count":283,"filter":"raw","id":25,"urls":{"self":"https:\/\/landapothekerin.de\/index.php?rest_route=\/tribe\/events\/v1\/categories\/25","collection":"https:\/\/landapothekerin.de\/index.php?rest_route=\/tribe\/events\/v1\/categories"}},{"name":"Gesundheitsangebote","slug":"gesundheitsangebote","term_group":0,"term_taxonomy_id":30,"taxonomy":"tribe_events_cat","description":"","parent":25,"count":254,"filter":"raw","id":30,"urls":{"self":"https:\/\/landapothekerin.de\/index.php?rest_route=\/tribe\/events\/v1\/categories\/30","collection":"https:\/\/landapothekerin.de\/index.php?rest_route=\/tribe\/events\/v1\/categories","up":"https:\/\/landapothekerin.de\/index.php?rest_route=\/tribe\/events\/v1\/categories\/25"}},{"name":"Infoseminare","slug":"infoseminare","term_group":0,"term_taxonomy_id":26,"taxonomy":"tribe_events_cat","description":"","parent":25,"count":236,"filter":"raw","id":26,"urls":{"self":"https:\/\/landapothekerin.de\/index.php?rest_route=\/tribe\/events\/v1\/categories\/26","collection":"https:\/\/landapothekerin.de\/index.php?rest_route=\/tribe\/events\/v1\/categories","up":"https:\/\/landapothekerin.de\/index.php?rest_route=\/tribe\/events\/v1\/categories\/25"}},{"name":"Kreatives in der Medizin","slug":"kreatives-in-der-medizin","term_group":0,"term_taxonomy_id":32,"taxonomy":"tribe_events_cat","description":"","parent":25,"count":209,"filter":"raw","id":32,"urls":{"self":"https:\/\/landapothekerin.de\/index.php?rest_route=\/tribe\/events\/v1\/categories\/32","collection":"https:\/\/landapothekerin.de\/index.php?rest_route=\/tribe\/events\/v1\/categories","up":"https:\/\/landapothekerin.de\/index.php?rest_route=\/tribe\/events\/v1\/categories\/25"}},{"name":"Kurse und Workshops","slug":"kurse-und-workshops","term_group":0,"term_taxonomy_id":35,"taxonomy":"tribe_events_cat","description":"","parent":25,"count":243,"filter":"raw","id":35,"urls":{"self":"https:\/\/landapothekerin.de\/index.php?rest_route=\/tribe\/events\/v1\/categories\/35","collection":"https:\/\/landapothekerin.de\/index.php?rest_route=\/tribe\/events\/v1\/categories","up":"https:\/\/landapothekerin.de\/index.php?rest_route=\/tribe\/events\/v1\/categories\/25"}},{"name":"Treffs","slug":"treffs","term_group":0,"term_taxonomy_id":27,"taxonomy":"tribe_events_cat","description":"","parent":25,"count":257,"filter":"raw","id":27,"urls":{"self":"https:\/\/landapothekerin.de\/index.php?rest_route=\/tribe\/events\/v1\/categories\/27","collection":"https:\/\/landapothekerin.de\/index.php?rest_route=\/tribe\/events\/v1\/categories","up":"https:\/\/landapothekerin.de\/index.php?rest_route=\/tribe\/events\/v1\/categories\/25"}}],"tags":[],"venue":[],"organizer":[],"custom_fields":[],"json_ld":{"@context":"http:\/\/schema.org","@type":"Event","name":"Mein Schlank-Tag","description":"&lt;p&gt;Sie wollten schon lange einmal einen Schlank-Tag einlegen, andere Verpflichtungen oder keine Lust alleine haben Sie bisher davon abgehalten? Dann ist das Ihr Tag! In illustrer Runde k\u00f6cheln und schlemmen wir uns durch die gesunde Schlankk\u00fcche. Spa\u00df und Abnehmen inclusive!...&lt;\/p&gt;\\n","image":"https:\/\/landapothekerin.de\/wp-content\/uploads\/2020\/05\/moon-3832151__340.jpg","url":"https:\/\/landapothekerin.de\/?tribe_events=mein-schlank-tag","eventAttendanceMode":"https:\/\/schema.org\/OfflineEventAttendanceMode","eventStatus":"https:\/\/schema.org\/EventScheduled","startDate":"2020-09-28T08:00:00+02:00","endDate":"2020-09-28T17:00:00+02:00","offers":{"@type":"Offer","price":"59","priceCurrency":"USD","url":"https:\/\/landapothekerin.de\/?tribe_events=mein-schlank-tag","category":"primary","availability":"inStock","validFrom":"1970-01-01T00:00:00+00:00"},"performer":"Organization"}}